{"id":216,"date":"2019-09-20T18:34:34","date_gmt":"2019-09-20T18:34:34","guid":{"rendered":"http:\/\/uma.wog.mybluehost.me\/website_6a323b4d\/?p=216"},"modified":"2026-02-21T19:44:35","modified_gmt":"2026-02-21T19:44:35","slug":"mexican-independence-day-festival-in-bridgeton","status":"publish","type":"post","link":"https:\/\/unidosparalafamilia.org\/es\/mexican-independence-day-festival-in-bridgeton\/","title":{"rendered":"Celebraci\u00f3n del D\u00eda de la Independencia de M\u00e9xico"},"content":{"rendered":"<p>Unidos para la Familia tuvo el orgullo de participar en el Festival del D\u00eda de la Independencia de M\u00e9xico celebrado en Bridgeton el 15 de septiembre de 2019. Las familias celebraron junto al personal de Unidos para la Familia, que estuvo presente para mostrar c\u00f3mo el \u00abEnfoque Integral de la Familia\u00bb de la organizaci\u00f3n est\u00e1 contribuyendo a fortalecer a las familias de clase trabajadora con bajos ingresos de la comunidad. Las actividades del d\u00eda incluyeron m\u00fasica en vivo, pintura facial, un castillo inflable para los ni\u00f1os y deliciosa comida mexicana aut\u00e9ntica.<\/p>\n\n\n\n<ul class=\"wp-block-gallery columns-3 is-cropped wp-block-gallery-1 is-layout-flex wp-block-gallery-is-layout-flex\"><li class=\"blocks-gallery-item\"><figure><img decoding=\"async\" width=\"1000\" height=\"667\" loading=\"lazy\" src=\"https:\/\/unidosparalafamilia.org\/website_6a323b4d\/wp-content\/uploads\/2019\/09\/IMG_5962-Vendor-prepares-food-at-the-Mexican-Independence-Day-Celebration-in-Bridgeton.jpg\" alt=\"\" data-id=\"218\" data-link=\"https:\/\/unidosparalafamilia.org\/website_6a323b4d\/?attachment_id=218\" class=\"wp-image-218\" srcset=\"https:\/\/unidosparalafamilia.org\/wp-content\/uploads\/2019\/09\/IMG_5962-Vendor-prepares-food-at-the-Mexican-Independence-Day-Celebration-in-Bridgeton.jpg 1000w, https:\/\/unidosparalafamilia.org\/wp-content\/uploads\/2019\/09\/IMG_5962-Vendor-prepares-food-at-the-Mexican-Independence-Day-Celebration-in-Bridgeton-300x200.jpg 300w, https:\/\/unidosparalafamilia.org\/wp-content\/uploads\/2019\/09\/IMG_5962-Vendor-prepares-food-at-the-Mexican-Independence-Day-Celebration-in-Bridgeton-768x512.jpg 768w\" sizes=\"(max-width: 1000px) 100vw, 1000px\" \/><\/figure><\/li><li class=\"blocks-gallery-item\"><figure><img decoding=\"async\" width=\"1000\" height=\"667\" loading=\"lazy\" src=\"https:\/\/unidosparalafamilia.org\/website_6a323b4d\/wp-content\/uploads\/2019\/09\/IMG_5969-A-child-plays-with-bubbles-at-the-Mexican-Independence-Day-Celebration-in-Bridgeton.jpg\" alt=\"\" data-id=\"219\" data-link=\"https:\/\/unidosparalafamilia.org\/website_6a323b4d\/?attachment_id=219\" class=\"wp-image-219\" srcset=\"https:\/\/unidosparalafamilia.org\/wp-content\/uploads\/2019\/09\/IMG_5969-A-child-plays-with-bubbles-at-the-Mexican-Independence-Day-Celebration-in-Bridgeton.jpg 1000w, https:\/\/unidosparalafamilia.org\/wp-content\/uploads\/2019\/09\/IMG_5969-A-child-plays-with-bubbles-at-the-Mexican-Independence-Day-Celebration-in-Bridgeton-300x200.jpg 300w, https:\/\/unidosparalafamilia.org\/wp-content\/uploads\/2019\/09\/IMG_5969-A-child-plays-with-bubbles-at-the-Mexican-Independence-Day-Celebration-in-Bridgeton-768x512.jpg 768w\" sizes=\"(max-width: 1000px) 100vw, 1000px\" \/><\/figure><\/li><li class=\"blocks-gallery-item\"><figure><img decoding=\"async\" width=\"683\" height=\"1024\" loading=\"lazy\" src=\"https:\/\/unidosparalafamilia.org\/website_6a323b4d\/wp-content\/uploads\/2019\/09\/IMG_5993-A-family-enjoying-the-days-festivities-in-Bridgeton-683x1024.jpg\" alt=\"\" data-id=\"220\" data-link=\"https:\/\/unidosparalafamilia.org\/website_6a323b4d\/?attachment_id=220\" class=\"wp-image-220\" srcset=\"https:\/\/unidosparalafamilia.org\/wp-content\/uploads\/2019\/09\/IMG_5993-A-family-enjoying-the-days-festivities-in-Bridgeton-683x1024.jpg 683w, https:\/\/unidosparalafamilia.org\/wp-content\/uploads\/2019\/09\/IMG_5993-A-family-enjoying-the-days-festivities-in-Bridgeton-200x300.jpg 200w, https:\/\/unidosparalafamilia.org\/wp-content\/uploads\/2019\/09\/IMG_5993-A-family-enjoying-the-days-festivities-in-Bridgeton-768x1152.jpg 768w, https:\/\/unidosparalafamilia.org\/wp-content\/uploads\/2019\/09\/IMG_5993-A-family-enjoying-the-days-festivities-in-Bridgeton.jpg 1000w\" sizes=\"(max-width: 683px) 100vw, 683px\" \/><\/figure><\/li><li class=\"blocks-gallery-item\"><figure><img decoding=\"async\" width=\"1000\" height=\"667\" loading=\"lazy\" src=\"https:\/\/unidosparalafamilia.org\/website_6a323b4d\/wp-content\/uploads\/2019\/09\/IMG_6017-Unidos-para-la-Familia-family-poses-for-a-picture-along-the-riverfront-in-Bridgeton-NJ.jpg\" alt=\"\" data-id=\"221\" data-link=\"https:\/\/unidosparalafamilia.org\/website_6a323b4d\/?attachment_id=221\" class=\"wp-image-221\" srcset=\"https:\/\/unidosparalafamilia.org\/wp-content\/uploads\/2019\/09\/IMG_6017-Unidos-para-la-Familia-family-poses-for-a-picture-along-the-riverfront-in-Bridgeton-NJ.jpg 1000w, https:\/\/unidosparalafamilia.org\/wp-content\/uploads\/2019\/09\/IMG_6017-Unidos-para-la-Familia-family-poses-for-a-picture-along-the-riverfront-in-Bridgeton-NJ-300x200.jpg 300w, https:\/\/unidosparalafamilia.org\/wp-content\/uploads\/2019\/09\/IMG_6017-Unidos-para-la-Familia-family-poses-for-a-picture-along-the-riverfront-in-Bridgeton-NJ-768x512.jpg 768w\" sizes=\"(max-width: 1000px) 100vw, 1000px\" \/><\/figure><\/li><li class=\"blocks-gallery-item\"><figure><img decoding=\"async\" width=\"1000\" height=\"667\" loading=\"lazy\" src=\"https:\/\/unidosparalafamilia.org\/website_6a323b4d\/wp-content\/uploads\/2019\/09\/IMG_6030-Family-that-benefits-from-the-Bridgeton-area-Unidos-para-la-Familia-grantee.jpg\" alt=\"\" data-id=\"222\" data-link=\"https:\/\/unidosparalafamilia.org\/website_6a323b4d\/?attachment_id=222\" class=\"wp-image-222\" srcset=\"https:\/\/unidosparalafamilia.org\/wp-content\/uploads\/2019\/09\/IMG_6030-Family-that-benefits-from-the-Bridgeton-area-Unidos-para-la-Familia-grantee.jpg 1000w, https:\/\/unidosparalafamilia.org\/wp-content\/uploads\/2019\/09\/IMG_6030-Family-that-benefits-from-the-Bridgeton-area-Unidos-para-la-Familia-grantee-300x200.jpg 300w, https:\/\/unidosparalafamilia.org\/wp-content\/uploads\/2019\/09\/IMG_6030-Family-that-benefits-from-the-Bridgeton-area-Unidos-para-la-Familia-grantee-768x512.jpg 768w\" sizes=\"(max-width: 1000px) 100vw, 1000px\" \/><\/figure><\/li><li class=\"blocks-gallery-item\"><figure><img decoding=\"async\" width=\"1000\" height=\"667\" loading=\"lazy\" src=\"https:\/\/unidosparalafamilia.org\/website_6a323b4d\/wp-content\/uploads\/2019\/09\/IMG_6050-Child-has-fun-in-the-bounce-house-at-the-Mexican-Independence-Day-Celebration.jpg\" alt=\"\" data-id=\"223\" data-link=\"https:\/\/unidosparalafamilia.org\/website_6a323b4d\/?attachment_id=223\" class=\"wp-image-223\" srcset=\"https:\/\/unidosparalafamilia.org\/wp-content\/uploads\/2019\/09\/IMG_6050-Child-has-fun-in-the-bounce-house-at-the-Mexican-Independence-Day-Celebration.jpg 1000w, https:\/\/unidosparalafamilia.org\/wp-content\/uploads\/2019\/09\/IMG_6050-Child-has-fun-in-the-bounce-house-at-the-Mexican-Independence-Day-Celebration-300x200.jpg 300w, https:\/\/unidosparalafamilia.org\/wp-content\/uploads\/2019\/09\/IMG_6050-Child-has-fun-in-the-bounce-house-at-the-Mexican-Independence-Day-Celebration-768x512.jpg 768w\" sizes=\"(max-width: 1000px) 100vw, 1000px\" \/><\/figure><\/li><li class=\"blocks-gallery-item\"><figure><img decoding=\"async\" width=\"1000\" height=\"667\" loading=\"lazy\" src=\"https:\/\/unidosparalafamilia.org\/website_6a323b4d\/wp-content\/uploads\/2019\/09\/IMG_6068-DJ-cranks-up-the-music-at-the-Mexican-Independence-Day-Celebration.jpg\" alt=\"\" data-id=\"224\" data-link=\"https:\/\/unidosparalafamilia.org\/website_6a323b4d\/?attachment_id=224\" class=\"wp-image-224\" srcset=\"https:\/\/unidosparalafamilia.org\/wp-content\/uploads\/2019\/09\/IMG_6068-DJ-cranks-up-the-music-at-the-Mexican-Independence-Day-Celebration.jpg 1000w, https:\/\/unidosparalafamilia.org\/wp-content\/uploads\/2019\/09\/IMG_6068-DJ-cranks-up-the-music-at-the-Mexican-Independence-Day-Celebration-300x200.jpg 300w, https:\/\/unidosparalafamilia.org\/wp-content\/uploads\/2019\/09\/IMG_6068-DJ-cranks-up-the-music-at-the-Mexican-Independence-Day-Celebration-768x512.jpg 768w\" sizes=\"(max-width: 1000px) 100vw, 1000px\" \/><\/figure><\/li><li class=\"blocks-gallery-item\"><figure><img decoding=\"async\" width=\"683\" height=\"1024\" loading=\"lazy\" src=\"https:\/\/unidosparalafamilia.org\/website_6a323b4d\/wp-content\/uploads\/2019\/09\/IMG_6074-Boy-reads-through-Unidos-para-la-Familia-pamphlet-683x1024.jpg\" alt=\"\" data-id=\"225\" data-link=\"https:\/\/unidosparalafamilia.org\/website_6a323b4d\/?attachment_id=225\" class=\"wp-image-225\" srcset=\"https:\/\/unidosparalafamilia.org\/wp-content\/uploads\/2019\/09\/IMG_6074-Boy-reads-through-Unidos-para-la-Familia-pamphlet-683x1024.jpg 683w, https:\/\/unidosparalafamilia.org\/wp-content\/uploads\/2019\/09\/IMG_6074-Boy-reads-through-Unidos-para-la-Familia-pamphlet-200x300.jpg 200w, https:\/\/unidosparalafamilia.org\/wp-content\/uploads\/2019\/09\/IMG_6074-Boy-reads-through-Unidos-para-la-Familia-pamphlet-768x1152.jpg 768w, https:\/\/unidosparalafamilia.org\/wp-content\/uploads\/2019\/09\/IMG_6074-Boy-reads-through-Unidos-para-la-Familia-pamphlet.jpg 1000w\" sizes=\"(max-width: 683px) 100vw, 683px\" \/><\/figure><\/li><li class=\"blocks-gallery-item\"><figure><img decoding=\"async\" width=\"1000\" height=\"667\" loading=\"lazy\" src=\"https:\/\/unidosparalafamilia.org\/website_6a323b4d\/wp-content\/uploads\/2019\/09\/IMG_6125-2019-Mexican-Independence-Day-festivites.jpg\" alt=\"\" data-id=\"226\" data-link=\"https:\/\/unidosparalafamilia.org\/website_6a323b4d\/?attachment_id=226\" class=\"wp-image-226\" srcset=\"https:\/\/unidosparalafamilia.org\/wp-content\/uploads\/2019\/09\/IMG_6125-2019-Mexican-Independence-Day-festivites.jpg 1000w, https:\/\/unidosparalafamilia.org\/wp-content\/uploads\/2019\/09\/IMG_6125-2019-Mexican-Independence-Day-festivites-300x200.jpg 300w, https:\/\/unidosparalafamilia.org\/wp-content\/uploads\/2019\/09\/IMG_6125-2019-Mexican-Independence-Day-festivites-768x512.jpg 768w\" sizes=\"(max-width: 1000px) 100vw, 1000px\" \/><\/figure><\/li><li class=\"blocks-gallery-item\"><figure><img decoding=\"async\" width=\"1000\" height=\"667\" loading=\"lazy\" src=\"https:\/\/unidosparalafamilia.org\/website_6a323b4d\/wp-content\/uploads\/2019\/09\/IMG_6152-Mexican-Independence-Day-Celebration-vendor-prepares-fruit.jpg\" alt=\"\" data-id=\"227\" data-link=\"https:\/\/unidosparalafamilia.org\/website_6a323b4d\/?attachment_id=227\" class=\"wp-image-227\" srcset=\"https:\/\/unidosparalafamilia.org\/wp-content\/uploads\/2019\/09\/IMG_6152-Mexican-Independence-Day-Celebration-vendor-prepares-fruit.jpg 1000w, https:\/\/unidosparalafamilia.org\/wp-content\/uploads\/2019\/09\/IMG_6152-Mexican-Independence-Day-Celebration-vendor-prepares-fruit-300x200.jpg 300w, https:\/\/unidosparalafamilia.org\/wp-content\/uploads\/2019\/09\/IMG_6152-Mexican-Independence-Day-Celebration-vendor-prepares-fruit-768x512.jpg 768w\" sizes=\"(max-width: 1000px) 100vw, 1000px\" \/><\/figure><\/li><li class=\"blocks-gallery-item\"><figure><img decoding=\"async\" width=\"683\" height=\"1024\" loading=\"lazy\" src=\"https:\/\/unidosparalafamilia.org\/website_6a323b4d\/wp-content\/uploads\/2019\/09\/IMG_6205-Smiling-at-the-Bridgeton-Mexican-Independence-Day-Celebration-683x1024.jpg\" alt=\"\" data-id=\"228\" data-link=\"https:\/\/unidosparalafamilia.org\/website_6a323b4d\/?attachment_id=228\" class=\"wp-image-228\" srcset=\"https:\/\/unidosparalafamilia.org\/wp-content\/uploads\/2019\/09\/IMG_6205-Smiling-at-the-Bridgeton-Mexican-Independence-Day-Celebration-683x1024.jpg 683w, https:\/\/unidosparalafamilia.org\/wp-content\/uploads\/2019\/09\/IMG_6205-Smiling-at-the-Bridgeton-Mexican-Independence-Day-Celebration-200x300.jpg 200w, https:\/\/unidosparalafamilia.org\/wp-content\/uploads\/2019\/09\/IMG_6205-Smiling-at-the-Bridgeton-Mexican-Independence-Day-Celebration-768x1152.jpg 768w, https:\/\/unidosparalafamilia.org\/wp-content\/uploads\/2019\/09\/IMG_6205-Smiling-at-the-Bridgeton-Mexican-Independence-Day-Celebration.jpg 1000w\" sizes=\"(max-width: 683px) 100vw, 683px\" \/><\/figure><\/li><li class=\"blocks-gallery-item\"><figure><img decoding=\"async\" width=\"683\" height=\"1024\" loading=\"lazy\" src=\"https:\/\/unidosparalafamilia.org\/website_6a323b4d\/wp-content\/uploads\/2019\/09\/IMG_6217-2019-Mexican-Independence-Day-Celebration-683x1024.jpg\" alt=\"\" data-id=\"229\" data-link=\"https:\/\/unidosparalafamilia.org\/website_6a323b4d\/?attachment_id=229\" class=\"wp-image-229\" srcset=\"https:\/\/unidosparalafamilia.org\/wp-content\/uploads\/2019\/09\/IMG_6217-2019-Mexican-Independence-Day-Celebration-683x1024.jpg 683w, https:\/\/unidosparalafamilia.org\/wp-content\/uploads\/2019\/09\/IMG_6217-2019-Mexican-Independence-Day-Celebration-200x300.jpg 200w, https:\/\/unidosparalafamilia.org\/wp-content\/uploads\/2019\/09\/IMG_6217-2019-Mexican-Independence-Day-Celebration-768x1152.jpg 768w, https:\/\/unidosparalafamilia.org\/wp-content\/uploads\/2019\/09\/IMG_6217-2019-Mexican-Independence-Day-Celebration.jpg 1000w\" sizes=\"(max-width: 683px) 100vw, 683px\" \/><\/figure><\/li><li class=\"blocks-gallery-item\"><figure><img decoding=\"async\" width=\"1000\" height=\"667\" loading=\"lazy\" src=\"https:\/\/unidosparalafamilia.org\/website_6a323b4d\/wp-content\/uploads\/2019\/09\/IMG_6240-Staff-at-Unidos-para-la-Familia.jpg\" alt=\"\" data-id=\"230\" data-link=\"https:\/\/unidosparalafamilia.org\/website_6a323b4d\/?attachment_id=230\" class=\"wp-image-230\" srcset=\"https:\/\/unidosparalafamilia.org\/wp-content\/uploads\/2019\/09\/IMG_6240-Staff-at-Unidos-para-la-Familia.jpg 1000w, https:\/\/unidosparalafamilia.org\/wp-content\/uploads\/2019\/09\/IMG_6240-Staff-at-Unidos-para-la-Familia-300x200.jpg 300w, https:\/\/unidosparalafamilia.org\/wp-content\/uploads\/2019\/09\/IMG_6240-Staff-at-Unidos-para-la-Familia-768x512.jpg 768w\" sizes=\"(max-width: 1000px) 100vw, 1000px\" \/><\/figure><\/li><li class=\"blocks-gallery-item\"><figure><img decoding=\"async\" width=\"683\" height=\"1024\" loading=\"lazy\" src=\"https:\/\/unidosparalafamilia.org\/website_6a323b4d\/wp-content\/uploads\/2019\/09\/IMG_6255-Woman-sells-ice-cream-bar-brand-from-cart-during-the-festivities-683x1024.jpg\" alt=\"\" data-id=\"231\" data-link=\"https:\/\/unidosparalafamilia.org\/website_6a323b4d\/?attachment_id=231\" class=\"wp-image-231\" srcset=\"https:\/\/unidosparalafamilia.org\/wp-content\/uploads\/2019\/09\/IMG_6255-Woman-sells-ice-cream-bar-brand-from-cart-during-the-festivities-683x1024.jpg 683w, https:\/\/unidosparalafamilia.org\/wp-content\/uploads\/2019\/09\/IMG_6255-Woman-sells-ice-cream-bar-brand-from-cart-during-the-festivities-200x300.jpg 200w, https:\/\/unidosparalafamilia.org\/wp-content\/uploads\/2019\/09\/IMG_6255-Woman-sells-ice-cream-bar-brand-from-cart-during-the-festivities-768x1152.jpg 768w, https:\/\/unidosparalafamilia.org\/wp-content\/uploads\/2019\/09\/IMG_6255-Woman-sells-ice-cream-bar-brand-from-cart-during-the-festivities.jpg 1000w\" sizes=\"(max-width: 683px) 100vw, 683px\" \/><\/figure><\/li><li class=\"blocks-gallery-item\"><figure><img decoding=\"async\" width=\"1000\" height=\"667\" loading=\"lazy\" src=\"https:\/\/unidosparalafamilia.org\/website_6a323b4d\/wp-content\/uploads\/2019\/09\/IMG_6316-Father-and-son-play-with-bubble-maker-at-2019-Mexican-Independence-Day-Celebration.jpg\" alt=\"\" data-id=\"232\" data-link=\"https:\/\/unidosparalafamilia.org\/website_6a323b4d\/?attachment_id=232\" class=\"wp-image-232\" srcset=\"https:\/\/unidosparalafamilia.org\/wp-content\/uploads\/2019\/09\/IMG_6316-Father-and-son-play-with-bubble-maker-at-2019-Mexican-Independence-Day-Celebration.jpg 1000w, https:\/\/unidosparalafamilia.org\/wp-content\/uploads\/2019\/09\/IMG_6316-Father-and-son-play-with-bubble-maker-at-2019-Mexican-Independence-Day-Celebration-300x200.jpg 300w, https:\/\/unidosparalafamilia.org\/wp-content\/uploads\/2019\/09\/IMG_6316-Father-and-son-play-with-bubble-maker-at-2019-Mexican-Independence-Day-Celebration-768x512.jpg 768w\" sizes=\"(max-width: 1000px) 100vw, 1000px\" \/><\/figure><\/li><li class=\"blocks-gallery-item\"><figure><img decoding=\"async\" width=\"1000\" height=\"667\" loading=\"lazy\" src=\"https:\/\/unidosparalafamilia.org\/website_6a323b4d\/wp-content\/uploads\/2019\/09\/IMG_6347-Family-works-the-days-event.jpg\" alt=\"\" data-id=\"233\" data-link=\"https:\/\/unidosparalafamilia.org\/website_6a323b4d\/?attachment_id=233\" class=\"wp-image-233\" srcset=\"https:\/\/unidosparalafamilia.org\/wp-content\/uploads\/2019\/09\/IMG_6347-Family-works-the-days-event.jpg 1000w, https:\/\/unidosparalafamilia.org\/wp-content\/uploads\/2019\/09\/IMG_6347-Family-works-the-days-event-300x200.jpg 300w, https:\/\/unidosparalafamilia.org\/wp-content\/uploads\/2019\/09\/IMG_6347-Family-works-the-days-event-768x512.jpg 768w\" sizes=\"(max-width: 1000px) 100vw, 1000px\" \/><\/figure><\/li><\/ul>","protected":false},"excerpt":{"rendered":"<p>Unidos para la Familia was proud to take part in the Mexican Independence Day Festival in Bridgeton on September 15, 2019. Families celebrated with the Unidos para la Familia staff, who were on hand to show how the organization\u2019s Whole Family Approach is helping strengthen low-income working class families in the community. The day\u2019s festivities [&hellip;]<\/p>\n","protected":false},"author":4,"featured_media":217,"comment_status":"closed","ping_status":"closed","sticky":false,"template":"","format":"standard","meta":{"nf_dc_page":"","_et_pb_use_builder":"","_et_pb_old_content":"","_et_gb_content_width":"","_monsterinsights_skip_tracking":false,"_monsterinsights_sitenote_active":false,"_monsterinsights_sitenote_note":"","_monsterinsights_sitenote_category":0,"footnotes":""},"categories":[11],"tags":[],"class_list":["post-216","post","type-post","status-publish","format-standard","has-post-thumbnail","hentry","category-unidos"],"yoast_head":"<!-- This site is optimized with the Yoast SEO plugin v27.4 - https:\/\/yoast.com\/product\/yoast-seo-wordpress\/ -->\n<title>Mexican Independence Day Celebration - Unidos Para La Familia<\/title>\n<meta name=\"robots\" content=\"index, follow, max-snippet:-1, max-image-preview:large, max-video-preview:-1\" \/>\n<link rel=\"canonical\" href=\"https:\/\/unidosparalafamilia.org\/es\/mexican-independence-day-festival-in-bridgeton\/\" \/>\n<meta property=\"og:locale\" content=\"es_MX\" \/>\n<meta property=\"og:type\" content=\"article\" \/>\n<meta property=\"og:title\" content=\"Mexican Independence Day Celebration - Unidos Para La Familia\" \/>\n<meta property=\"og:description\" content=\"Unidos para la Familia was proud to take part in the Mexican Independence Day Festival in Bridgeton on September 15, 2019. Families celebrated with the Unidos para la Familia staff, who were on hand to show how the organization\u2019s Whole Family Approach is helping strengthen low-income working class families in the community. The day\u2019s festivities [&hellip;]\" \/>\n<meta property=\"og:url\" content=\"https:\/\/unidosparalafamilia.org\/es\/mexican-independence-day-festival-in-bridgeton\/\" \/>\n<meta property=\"og:site_name\" content=\"Unidos Para La Familia\" \/>\n<meta property=\"article:published_time\" content=\"2019-09-20T18:34:34+00:00\" \/>\n<meta property=\"article:modified_time\" content=\"2026-02-21T19:44:35+00:00\" \/>\n<meta property=\"og:image\" content=\"https:\/\/unidosparalafamilia.org\/wp-content\/uploads\/2019\/09\/IMG_5941-Parade-participants-in-Bridgetons-Mexican-Independence-Day-Celebration.jpg\" \/>\n\t<meta property=\"og:image:width\" content=\"1000\" \/>\n\t<meta property=\"og:image:height\" content=\"667\" \/>\n\t<meta property=\"og:image:type\" content=\"image\/jpeg\" \/>\n<meta name=\"author\" content=\"Domenic Rodriguez\" \/>\n<meta name=\"twitter:card\" content=\"summary_large_image\" \/>\n<meta name=\"twitter:label1\" content=\"Escrito por\" \/>\n\t<meta name=\"twitter:data1\" content=\"Domenic Rodriguez\" \/>\n<script type=\"application\/ld+json\" class=\"yoast-schema-graph\">{\"@context\":\"https:\\\/\\\/schema.org\",\"@graph\":[{\"@type\":\"Article\",\"@id\":\"https:\\\/\\\/unidosparalafamilia.org\\\/mexican-independence-day-festival-in-bridgeton\\\/#article\",\"isPartOf\":{\"@id\":\"https:\\\/\\\/unidosparalafamilia.org\\\/mexican-independence-day-festival-in-bridgeton\\\/\"},\"author\":{\"name\":\"Domenic Rodriguez\",\"@id\":\"https:\\\/\\\/unidosparalafamilia.org\\\/#\\\/schema\\\/person\\\/65b35b2379318a0b7a85950000dd399d\"},\"headline\":\"Mexican Independence Day Celebration\",\"datePublished\":\"2019-09-20T18:34:34+00:00\",\"dateModified\":\"2026-02-21T19:44:35+00:00\",\"mainEntityOfPage\":{\"@id\":\"https:\\\/\\\/unidosparalafamilia.org\\\/mexican-independence-day-festival-in-bridgeton\\\/\"},\"wordCount\":74,\"image\":{\"@id\":\"https:\\\/\\\/unidosparalafamilia.org\\\/mexican-independence-day-festival-in-bridgeton\\\/#primaryimage\"},\"thumbnailUrl\":\"https:\\\/\\\/unidosparalafamilia.org\\\/wp-content\\\/uploads\\\/2019\\\/09\\\/IMG_5941-Parade-participants-in-Bridgetons-Mexican-Independence-Day-Celebration.jpg\",\"articleSection\":[\"Unidos\"],\"inLanguage\":\"es\"},{\"@type\":\"WebPage\",\"@id\":\"https:\\\/\\\/unidosparalafamilia.org\\\/mexican-independence-day-festival-in-bridgeton\\\/\",\"url\":\"https:\\\/\\\/unidosparalafamilia.org\\\/mexican-independence-day-festival-in-bridgeton\\\/\",\"name\":\"Mexican Independence Day Celebration - Unidos Para La Familia\",\"isPartOf\":{\"@id\":\"https:\\\/\\\/unidosparalafamilia.org\\\/#website\"},\"primaryImageOfPage\":{\"@id\":\"https:\\\/\\\/unidosparalafamilia.org\\\/mexican-independence-day-festival-in-bridgeton\\\/#primaryimage\"},\"image\":{\"@id\":\"https:\\\/\\\/unidosparalafamilia.org\\\/mexican-independence-day-festival-in-bridgeton\\\/#primaryimage\"},\"thumbnailUrl\":\"https:\\\/\\\/unidosparalafamilia.org\\\/wp-content\\\/uploads\\\/2019\\\/09\\\/IMG_5941-Parade-participants-in-Bridgetons-Mexican-Independence-Day-Celebration.jpg\",\"datePublished\":\"2019-09-20T18:34:34+00:00\",\"dateModified\":\"2026-02-21T19:44:35+00:00\",\"author\":{\"@id\":\"https:\\\/\\\/unidosparalafamilia.org\\\/#\\\/schema\\\/person\\\/65b35b2379318a0b7a85950000dd399d\"},\"breadcrumb\":{\"@id\":\"https:\\\/\\\/unidosparalafamilia.org\\\/mexican-independence-day-festival-in-bridgeton\\\/#breadcrumb\"},\"inLanguage\":\"es\",\"potentialAction\":[{\"@type\":\"ReadAction\",\"target\":[\"https:\\\/\\\/unidosparalafamilia.org\\\/mexican-independence-day-festival-in-bridgeton\\\/\"]}]},{\"@type\":\"ImageObject\",\"inLanguage\":\"es\",\"@id\":\"https:\\\/\\\/unidosparalafamilia.org\\\/mexican-independence-day-festival-in-bridgeton\\\/#primaryimage\",\"url\":\"https:\\\/\\\/unidosparalafamilia.org\\\/wp-content\\\/uploads\\\/2019\\\/09\\\/IMG_5941-Parade-participants-in-Bridgetons-Mexican-Independence-Day-Celebration.jpg\",\"contentUrl\":\"https:\\\/\\\/unidosparalafamilia.org\\\/wp-content\\\/uploads\\\/2019\\\/09\\\/IMG_5941-Parade-participants-in-Bridgetons-Mexican-Independence-Day-Celebration.jpg\",\"width\":1000,\"height\":667},{\"@type\":\"BreadcrumbList\",\"@id\":\"https:\\\/\\\/unidosparalafamilia.org\\\/mexican-independence-day-festival-in-bridgeton\\\/#breadcrumb\",\"itemListElement\":[{\"@type\":\"ListItem\",\"position\":1,\"name\":\"Home\",\"item\":\"https:\\\/\\\/unidosparalafamilia.org\\\/\"},{\"@type\":\"ListItem\",\"position\":2,\"name\":\"Mexican Independence Day Celebration\"}]},{\"@type\":\"WebSite\",\"@id\":\"https:\\\/\\\/unidosparalafamilia.org\\\/#website\",\"url\":\"https:\\\/\\\/unidosparalafamilia.org\\\/\",\"name\":\"Unidos Para La Familia\",\"description\":\"United For The Family\",\"potentialAction\":[{\"@type\":\"SearchAction\",\"target\":{\"@type\":\"EntryPoint\",\"urlTemplate\":\"https:\\\/\\\/unidosparalafamilia.org\\\/?s={search_term_string}\"},\"query-input\":{\"@type\":\"PropertyValueSpecification\",\"valueRequired\":true,\"valueName\":\"search_term_string\"}}],\"inLanguage\":\"es\"},{\"@type\":\"Person\",\"@id\":\"https:\\\/\\\/unidosparalafamilia.org\\\/#\\\/schema\\\/person\\\/65b35b2379318a0b7a85950000dd399d\",\"name\":\"Domenic Rodriguez\",\"image\":{\"@type\":\"ImageObject\",\"inLanguage\":\"es\",\"@id\":\"https:\\\/\\\/secure.gravatar.com\\\/avatar\\\/b24fa9dfc5f46e1135582eaa03042b03563b779c3bc193dd9c4327e54d978cef?s=96&d=mm&r=g\",\"url\":\"https:\\\/\\\/secure.gravatar.com\\\/avatar\\\/b24fa9dfc5f46e1135582eaa03042b03563b779c3bc193dd9c4327e54d978cef?s=96&d=mm&r=g\",\"contentUrl\":\"https:\\\/\\\/secure.gravatar.com\\\/avatar\\\/b24fa9dfc5f46e1135582eaa03042b03563b779c3bc193dd9c4327e54d978cef?s=96&d=mm&r=g\",\"caption\":\"Domenic Rodriguez\"},\"url\":\"https:\\\/\\\/unidosparalafamilia.org\\\/es\\\/author\\\/domenicr\\\/\"}]}<\/script>\n<!-- \/ Yoast SEO plugin. -->","yoast_head_json":{"title":"Celebraci\u00f3n del D\u00eda de la Independencia de M\u00e9xico - Unidos para la familia","robots":{"index":"index","follow":"follow","max-snippet":"max-snippet:-1","max-image-preview":"max-image-preview:large","max-video-preview":"max-video-preview:-1"},"canonical":"https:\/\/unidosparalafamilia.org\/es\/mexican-independence-day-festival-in-bridgeton\/","og_locale":"es_MX","og_type":"article","og_title":"Mexican Independence Day Celebration - Unidos Para La Familia","og_description":"Unidos para la Familia was proud to take part in the Mexican Independence Day Festival in Bridgeton on September 15, 2019. Families celebrated with the Unidos para la Familia staff, who were on hand to show how the organization\u2019s Whole Family Approach is helping strengthen low-income working class families in the community. The day\u2019s festivities [&hellip;]","og_url":"https:\/\/unidosparalafamilia.org\/es\/mexican-independence-day-festival-in-bridgeton\/","og_site_name":"Unidos Para La Familia","article_published_time":"2019-09-20T18:34:34+00:00","article_modified_time":"2026-02-21T19:44:35+00:00","og_image":[{"width":1000,"height":667,"url":"https:\/\/unidosparalafamilia.org\/wp-content\/uploads\/2019\/09\/IMG_5941-Parade-participants-in-Bridgetons-Mexican-Independence-Day-Celebration.jpg","type":"image\/jpeg"}],"author":"Domenic Rodriguez","twitter_card":"summary_large_image","twitter_misc":{"Escrito por":"Domenic Rodriguez"},"schema":{"@context":"https:\/\/schema.org","@graph":[{"@type":"Article","@id":"https:\/\/unidosparalafamilia.org\/mexican-independence-day-festival-in-bridgeton\/#article","isPartOf":{"@id":"https:\/\/unidosparalafamilia.org\/mexican-independence-day-festival-in-bridgeton\/"},"author":{"name":"Domenic Rodriguez","@id":"https:\/\/unidosparalafamilia.org\/#\/schema\/person\/65b35b2379318a0b7a85950000dd399d"},"headline":"Mexican Independence Day Celebration","datePublished":"2019-09-20T18:34:34+00:00","dateModified":"2026-02-21T19:44:35+00:00","mainEntityOfPage":{"@id":"https:\/\/unidosparalafamilia.org\/mexican-independence-day-festival-in-bridgeton\/"},"wordCount":74,"image":{"@id":"https:\/\/unidosparalafamilia.org\/mexican-independence-day-festival-in-bridgeton\/#primaryimage"},"thumbnailUrl":"https:\/\/unidosparalafamilia.org\/wp-content\/uploads\/2019\/09\/IMG_5941-Parade-participants-in-Bridgetons-Mexican-Independence-Day-Celebration.jpg","articleSection":["Unidos"],"inLanguage":"es"},{"@type":"WebPage","@id":"https:\/\/unidosparalafamilia.org\/mexican-independence-day-festival-in-bridgeton\/","url":"https:\/\/unidosparalafamilia.org\/mexican-independence-day-festival-in-bridgeton\/","name":"Celebraci\u00f3n del D\u00eda de la Independencia de M\u00e9xico - Unidos para la familia","isPartOf":{"@id":"https:\/\/unidosparalafamilia.org\/#website"},"primaryImageOfPage":{"@id":"https:\/\/unidosparalafamilia.org\/mexican-independence-day-festival-in-bridgeton\/#primaryimage"},"image":{"@id":"https:\/\/unidosparalafamilia.org\/mexican-independence-day-festival-in-bridgeton\/#primaryimage"},"thumbnailUrl":"https:\/\/unidosparalafamilia.org\/wp-content\/uploads\/2019\/09\/IMG_5941-Parade-participants-in-Bridgetons-Mexican-Independence-Day-Celebration.jpg","datePublished":"2019-09-20T18:34:34+00:00","dateModified":"2026-02-21T19:44:35+00:00","author":{"@id":"https:\/\/unidosparalafamilia.org\/#\/schema\/person\/65b35b2379318a0b7a85950000dd399d"},"breadcrumb":{"@id":"https:\/\/unidosparalafamilia.org\/mexican-independence-day-festival-in-bridgeton\/#breadcrumb"},"inLanguage":"es","potentialAction":[{"@type":"ReadAction","target":["https:\/\/unidosparalafamilia.org\/mexican-independence-day-festival-in-bridgeton\/"]}]},{"@type":"ImageObject","inLanguage":"es","@id":"https:\/\/unidosparalafamilia.org\/mexican-independence-day-festival-in-bridgeton\/#primaryimage","url":"https:\/\/unidosparalafamilia.org\/wp-content\/uploads\/2019\/09\/IMG_5941-Parade-participants-in-Bridgetons-Mexican-Independence-Day-Celebration.jpg","contentUrl":"https:\/\/unidosparalafamilia.org\/wp-content\/uploads\/2019\/09\/IMG_5941-Parade-participants-in-Bridgetons-Mexican-Independence-Day-Celebration.jpg","width":1000,"height":667},{"@type":"BreadcrumbList","@id":"https:\/\/unidosparalafamilia.org\/mexican-independence-day-festival-in-bridgeton\/#breadcrumb","itemListElement":[{"@type":"ListItem","position":1,"name":"Home","item":"https:\/\/unidosparalafamilia.org\/"},{"@type":"ListItem","position":2,"name":"Mexican Independence Day Celebration"}]},{"@type":"WebSite","@id":"https:\/\/unidosparalafamilia.org\/#website","url":"https:\/\/unidosparalafamilia.org\/","name":"Unidos para la Familia","description":"Unidos por la familia","potentialAction":[{"@type":"SearchAction","target":{"@type":"EntryPoint","urlTemplate":"https:\/\/unidosparalafamilia.org\/?s={search_term_string}"},"query-input":{"@type":"PropertyValueSpecification","valueRequired":true,"valueName":"search_term_string"}}],"inLanguage":"es"},{"@type":"Person","@id":"https:\/\/unidosparalafamilia.org\/#\/schema\/person\/65b35b2379318a0b7a85950000dd399d","name":"Domenic Rodr\u00edguez","image":{"@type":"ImageObject","inLanguage":"es","@id":"https:\/\/secure.gravatar.com\/avatar\/b24fa9dfc5f46e1135582eaa03042b03563b779c3bc193dd9c4327e54d978cef?s=96&d=mm&r=g","url":"https:\/\/secure.gravatar.com\/avatar\/b24fa9dfc5f46e1135582eaa03042b03563b779c3bc193dd9c4327e54d978cef?s=96&d=mm&r=g","contentUrl":"https:\/\/secure.gravatar.com\/avatar\/b24fa9dfc5f46e1135582eaa03042b03563b779c3bc193dd9c4327e54d978cef?s=96&d=mm&r=g","caption":"Domenic Rodriguez"},"url":"https:\/\/unidosparalafamilia.org\/es\/author\/domenicr\/"}]}},"_links":{"self":[{"href":"https:\/\/unidosparalafamilia.org\/es\/wp-json\/wp\/v2\/posts\/216","targetHints":{"allow":["GET"]}}],"collection":[{"href":"https:\/\/unidosparalafamilia.org\/es\/wp-json\/wp\/v2\/posts"}],"about":[{"href":"https:\/\/unidosparalafamilia.org\/es\/wp-json\/wp\/v2\/types\/post"}],"author":[{"embeddable":true,"href":"https:\/\/unidosparalafamilia.org\/es\/wp-json\/wp\/v2\/users\/4"}],"replies":[{"embeddable":true,"href":"https:\/\/unidosparalafamilia.org\/es\/wp-json\/wp\/v2\/comments?post=216"}],"version-history":[{"count":2,"href":"https:\/\/unidosparalafamilia.org\/es\/wp-json\/wp\/v2\/posts\/216\/revisions"}],"predecessor-version":[{"id":235,"href":"https:\/\/unidosparalafamilia.org\/es\/wp-json\/wp\/v2\/posts\/216\/revisions\/235"}],"wp:featuredmedia":[{"embeddable":true,"href":"https:\/\/unidosparalafamilia.org\/es\/wp-json\/wp\/v2\/media\/217"}],"wp:attachment":[{"href":"https:\/\/unidosparalafamilia.org\/es\/wp-json\/wp\/v2\/media?parent=216"}],"wp:term":[{"taxonomy":"category","embeddable":true,"href":"https:\/\/unidosparalafamilia.org\/es\/wp-json\/wp\/v2\/categories?post=216"},{"taxonomy":"post_tag","embeddable":true,"href":"https:\/\/unidosparalafamilia.org\/es\/wp-json\/wp\/v2\/tags?post=216"}],"curies":[{"name":"wp","href":"https:\/\/api.w.org\/{rel}","templated":true}]}}