{"id":124,"date":"2019-03-14T19:33:26","date_gmt":"2019-03-14T19:33:26","guid":{"rendered":"http:\/\/uma.wog.mybluehost.me\/website_6a323b4d\/?p=124"},"modified":"2019-03-14T19:33:27","modified_gmt":"2019-03-14T19:33:27","slug":"indian-avenue-school-hosts-community-garden","status":"publish","type":"post","link":"https:\/\/unidosparalafamilia.org\/es\/indian-avenue-school-hosts-community-garden\/","title":{"rendered":"La escuela Indian Avenue acoge un huerto comunitario"},"content":{"rendered":"<p>Los alumnos, las familias y los miembros del personal de la escuela Indian Avenue, perteneciente al sistema de escuelas p\u00fablicas de Bridgeton, colaboraron, a trav\u00e9s de una alianza con Revive South Jersey \u2013 United for the Family\/Unidos Para la Familia, para crear un huerto sostenible de frutas y verduras en la escuela<em>.<\/em><\/p>\n\n\n\n<p>BRIDGETON \u2014 El 17 de mayo, los alumnos, las familias y el personal de la escuela Indian Avenue colaboraron, en el marco de una alianza con la organizaci\u00f3n comunitaria Revive South Jersey \u2014 United for the Family\/Unidos Para la Familia, para crear un huerto sostenible de frutas y verduras en la escuela.<\/p>\n\n\n\n<p>Mike Lubonavic, del Abundant Design Institute, visit\u00f3 la escuela los d\u00edas 2 y 3 de mayo gracias a una beca obtenida por Jonathan Cummings de Unidos Para La Familia, con el fin de impartir a los participantes un curso sobre dise\u00f1o paisaj\u00edstico de permacultura. Este tipo de jardiner\u00eda sostenible utiliza los patrones y las relaciones que se dan en la naturaleza \u2014como las zonas, la diversidad de plantas y los ciclos\u2014 para planificar jardines de alto rendimiento y eficientes desde el punto de vista energ\u00e9tico.<\/p>\n\n\n\n<p>Se dise\u00f1aron dos zonas de jard\u00edn diferentes en los terrenos de la escuela. Una de ellas cuenta con cultivos anuales de hortalizas y hierbas arom\u00e1ticas, mientras que la otra cuenta con plantas perennes, entre las que se incluyen arbustos de bayas y \u00e1rboles frutales.<\/p>\n\n\n\n<p>Los maestros Mar\u00eda Canino, Gina Collins, Mark Raybould y Fran Ferrara dirigen el proyecto junto con un grupo de familias muy comprometidas que aprenden y ponen en pr\u00e1ctica lo aprendido mientras construyen el huerto.<\/p>\n\n\n\n<p>Los participantes dedicaron varias horas a las clases durante el primer fin de semana para aprender sobre el concepto de aprovechar la interacci\u00f3n de los elementos naturales, incluyendo las zonas de plantaci\u00f3n, la pendiente, la ubicaci\u00f3n relativa, la combinaci\u00f3n de plantas de diferentes alturas y \u00e9pocas de cosecha, los cultivos de cobertura, el control natural de plagas y el compostaje. Queremos expresar nuestro especial agradecimiento a Lowe\u2019s por proporcionar, a precio de costo, muchos de los materiales utilizados en la construcci\u00f3n de los huertos.<\/p>\n\n\n\n<p>Invitamos a todos los miembros de la escuela y de la comunidad vecina a participar en el cuidado y el mantenimiento del nuevo huerto comunitario, y a compartir su \u201cabundante cosecha\u201d.\u201d<\/p>\n\n\n\n<p>Se plantaron plantas perennes, entre ellas manzanos y perales, as\u00ed como arbustos de ar\u00e1ndanos, moras, frambuesas y bayas de goji. Se plantaron enredaderas de kiwi para que crecieran a lo largo de un cenador construido en el lugar, y se coloc\u00f3 una amplia variedad de hierbas en varios puntos.<\/p>\n\n\n\n<p>En los canteros elevados se han plantado cultivos anuales como tomates, calabazas y pimientos. La escuela est\u00e1 animando a los maestros a que salgan con sus clases a recorrer los jardines y ense\u00f1en a los alumnos c\u00f3mo cuidar cada una de las zonas de cultivo.<\/p>","protected":false},"excerpt":{"rendered":"<p>Students, families and staff members from Bridgeton Public School&#8217;s Indian Avenue School worked together, through a partnership Revive South Jersey &#8211; United for the Family\/Unidos Para la Familia, to establish a sustainable fruit and vegetable garden at the school. BRIDGETON &#8212;\u00a0On May 17, students, families and staff members from Indian Avenue School worked together, through [&hellip;]<\/p>\n","protected":false},"author":4,"featured_media":125,"comment_status":"closed","ping_status":"closed","sticky":false,"template":"","format":"standard","meta":{"nf_dc_page":"","_et_pb_use_builder":"","_et_pb_old_content":"","_et_gb_content_width":"","_monsterinsights_skip_tracking":false,"_monsterinsights_sitenote_active":false,"_monsterinsights_sitenote_note":"","_monsterinsights_sitenote_category":0,"footnotes":""},"categories":[4],"tags":[],"class_list":["post-124","post","type-post","status-publish","format-standard","has-post-thumbnail","hentry","category-news"],"yoast_head":"<!-- This site is optimized with the Yoast SEO plugin v27.4 - https:\/\/yoast.com\/product\/yoast-seo-wordpress\/ -->\n<title>Indian Avenue School hosts community garden - Unidos Para La Familia<\/title>\n<meta name=\"robots\" content=\"index, follow, max-snippet:-1, max-image-preview:large, max-video-preview:-1\" \/>\n<link rel=\"canonical\" href=\"https:\/\/unidosparalafamilia.org\/es\/indian-avenue-school-hosts-community-garden\/\" \/>\n<meta property=\"og:locale\" content=\"es_MX\" \/>\n<meta property=\"og:type\" content=\"article\" \/>\n<meta property=\"og:title\" content=\"Indian Avenue School hosts community garden - Unidos Para La Familia\" \/>\n<meta property=\"og:description\" content=\"Students, families and staff members from Bridgeton Public School&#8217;s Indian Avenue School worked together, through a partnership Revive South Jersey &#8211; United for the Family\/Unidos Para la Familia, to establish a sustainable fruit and vegetable garden at the school. BRIDGETON &#8212;\u00a0On May 17, students, families and staff members from Indian Avenue School worked together, through [&hellip;]\" \/>\n<meta property=\"og:url\" content=\"https:\/\/unidosparalafamilia.org\/es\/indian-avenue-school-hosts-community-garden\/\" \/>\n<meta property=\"og:site_name\" content=\"Unidos Para La Familia\" \/>\n<meta property=\"article:published_time\" content=\"2019-03-14T19:33:26+00:00\" \/>\n<meta property=\"article:modified_time\" content=\"2019-03-14T19:33:27+00:00\" \/>\n<meta property=\"og:image\" content=\"https:\/\/unidosparalafamilia.org\/wp-content\/uploads\/2019\/03\/17873166-large.jpg\" \/>\n\t<meta property=\"og:image:width\" content=\"380\" \/>\n\t<meta property=\"og:image:height\" content=\"204\" \/>\n\t<meta property=\"og:image:type\" content=\"image\/jpeg\" \/>\n<meta name=\"author\" content=\"Domenic Rodriguez\" \/>\n<meta name=\"twitter:card\" content=\"summary_large_image\" \/>\n<meta name=\"twitter:label1\" content=\"Escrito por\" \/>\n\t<meta name=\"twitter:data1\" content=\"Domenic Rodriguez\" \/>\n\t<meta name=\"twitter:label2\" content=\"Tiempo de lectura\" \/>\n\t<meta name=\"twitter:data2\" content=\"2 minutos\" \/>\n<script type=\"application\/ld+json\" class=\"yoast-schema-graph\">{\"@context\":\"https:\\\/\\\/schema.org\",\"@graph\":[{\"@type\":\"Article\",\"@id\":\"https:\\\/\\\/unidosparalafamilia.org\\\/indian-avenue-school-hosts-community-garden\\\/#article\",\"isPartOf\":{\"@id\":\"https:\\\/\\\/unidosparalafamilia.org\\\/indian-avenue-school-hosts-community-garden\\\/\"},\"author\":{\"name\":\"Domenic Rodriguez\",\"@id\":\"https:\\\/\\\/unidosparalafamilia.org\\\/#\\\/schema\\\/person\\\/65b35b2379318a0b7a85950000dd399d\"},\"headline\":\"Indian Avenue School hosts community garden\",\"datePublished\":\"2019-03-14T19:33:26+00:00\",\"dateModified\":\"2019-03-14T19:33:27+00:00\",\"mainEntityOfPage\":{\"@id\":\"https:\\\/\\\/unidosparalafamilia.org\\\/indian-avenue-school-hosts-community-garden\\\/\"},\"wordCount\":390,\"image\":{\"@id\":\"https:\\\/\\\/unidosparalafamilia.org\\\/indian-avenue-school-hosts-community-garden\\\/#primaryimage\"},\"thumbnailUrl\":\"https:\\\/\\\/unidosparalafamilia.org\\\/wp-content\\\/uploads\\\/2019\\\/03\\\/17873166-large.jpg\",\"articleSection\":[\"News\"],\"inLanguage\":\"es\"},{\"@type\":\"WebPage\",\"@id\":\"https:\\\/\\\/unidosparalafamilia.org\\\/indian-avenue-school-hosts-community-garden\\\/\",\"url\":\"https:\\\/\\\/unidosparalafamilia.org\\\/indian-avenue-school-hosts-community-garden\\\/\",\"name\":\"Indian Avenue School hosts community garden - Unidos Para La Familia\",\"isPartOf\":{\"@id\":\"https:\\\/\\\/unidosparalafamilia.org\\\/#website\"},\"primaryImageOfPage\":{\"@id\":\"https:\\\/\\\/unidosparalafamilia.org\\\/indian-avenue-school-hosts-community-garden\\\/#primaryimage\"},\"image\":{\"@id\":\"https:\\\/\\\/unidosparalafamilia.org\\\/indian-avenue-school-hosts-community-garden\\\/#primaryimage\"},\"thumbnailUrl\":\"https:\\\/\\\/unidosparalafamilia.org\\\/wp-content\\\/uploads\\\/2019\\\/03\\\/17873166-large.jpg\",\"datePublished\":\"2019-03-14T19:33:26+00:00\",\"dateModified\":\"2019-03-14T19:33:27+00:00\",\"author\":{\"@id\":\"https:\\\/\\\/unidosparalafamilia.org\\\/#\\\/schema\\\/person\\\/65b35b2379318a0b7a85950000dd399d\"},\"breadcrumb\":{\"@id\":\"https:\\\/\\\/unidosparalafamilia.org\\\/indian-avenue-school-hosts-community-garden\\\/#breadcrumb\"},\"inLanguage\":\"es\",\"potentialAction\":[{\"@type\":\"ReadAction\",\"target\":[\"https:\\\/\\\/unidosparalafamilia.org\\\/indian-avenue-school-hosts-community-garden\\\/\"]}]},{\"@type\":\"ImageObject\",\"inLanguage\":\"es\",\"@id\":\"https:\\\/\\\/unidosparalafamilia.org\\\/indian-avenue-school-hosts-community-garden\\\/#primaryimage\",\"url\":\"https:\\\/\\\/unidosparalafamilia.org\\\/wp-content\\\/uploads\\\/2019\\\/03\\\/17873166-large.jpg\",\"contentUrl\":\"https:\\\/\\\/unidosparalafamilia.org\\\/wp-content\\\/uploads\\\/2019\\\/03\\\/17873166-large.jpg\",\"width\":380,\"height\":204},{\"@type\":\"BreadcrumbList\",\"@id\":\"https:\\\/\\\/unidosparalafamilia.org\\\/indian-avenue-school-hosts-community-garden\\\/#breadcrumb\",\"itemListElement\":[{\"@type\":\"ListItem\",\"position\":1,\"name\":\"Home\",\"item\":\"https:\\\/\\\/unidosparalafamilia.org\\\/\"},{\"@type\":\"ListItem\",\"position\":2,\"name\":\"Indian Avenue School hosts community garden\"}]},{\"@type\":\"WebSite\",\"@id\":\"https:\\\/\\\/unidosparalafamilia.org\\\/#website\",\"url\":\"https:\\\/\\\/unidosparalafamilia.org\\\/\",\"name\":\"Unidos Para La Familia\",\"description\":\"United For The Family\",\"potentialAction\":[{\"@type\":\"SearchAction\",\"target\":{\"@type\":\"EntryPoint\",\"urlTemplate\":\"https:\\\/\\\/unidosparalafamilia.org\\\/?s={search_term_string}\"},\"query-input\":{\"@type\":\"PropertyValueSpecification\",\"valueRequired\":true,\"valueName\":\"search_term_string\"}}],\"inLanguage\":\"es\"},{\"@type\":\"Person\",\"@id\":\"https:\\\/\\\/unidosparalafamilia.org\\\/#\\\/schema\\\/person\\\/65b35b2379318a0b7a85950000dd399d\",\"name\":\"Domenic Rodriguez\",\"image\":{\"@type\":\"ImageObject\",\"inLanguage\":\"es\",\"@id\":\"https:\\\/\\\/secure.gravatar.com\\\/avatar\\\/b24fa9dfc5f46e1135582eaa03042b03563b779c3bc193dd9c4327e54d978cef?s=96&d=mm&r=g\",\"url\":\"https:\\\/\\\/secure.gravatar.com\\\/avatar\\\/b24fa9dfc5f46e1135582eaa03042b03563b779c3bc193dd9c4327e54d978cef?s=96&d=mm&r=g\",\"contentUrl\":\"https:\\\/\\\/secure.gravatar.com\\\/avatar\\\/b24fa9dfc5f46e1135582eaa03042b03563b779c3bc193dd9c4327e54d978cef?s=96&d=mm&r=g\",\"caption\":\"Domenic Rodriguez\"},\"url\":\"https:\\\/\\\/unidosparalafamilia.org\\\/es\\\/author\\\/domenicr\\\/\"}]}<\/script>\n<!-- \/ Yoast SEO plugin. -->","yoast_head_json":{"title":"La escuela Indian Avenue acoge un huerto comunitario - Unidos Para La Familia","robots":{"index":"index","follow":"follow","max-snippet":"max-snippet:-1","max-image-preview":"max-image-preview:large","max-video-preview":"max-video-preview:-1"},"canonical":"https:\/\/unidosparalafamilia.org\/es\/indian-avenue-school-hosts-community-garden\/","og_locale":"es_MX","og_type":"article","og_title":"Indian Avenue School hosts community garden - Unidos Para La Familia","og_description":"Students, families and staff members from Bridgeton Public School&#8217;s Indian Avenue School worked together, through a partnership Revive South Jersey &#8211; United for the Family\/Unidos Para la Familia, to establish a sustainable fruit and vegetable garden at the school. BRIDGETON &#8212;\u00a0On May 17, students, families and staff members from Indian Avenue School worked together, through [&hellip;]","og_url":"https:\/\/unidosparalafamilia.org\/es\/indian-avenue-school-hosts-community-garden\/","og_site_name":"Unidos Para La Familia","article_published_time":"2019-03-14T19:33:26+00:00","article_modified_time":"2019-03-14T19:33:27+00:00","og_image":[{"width":380,"height":204,"url":"https:\/\/unidosparalafamilia.org\/wp-content\/uploads\/2019\/03\/17873166-large.jpg","type":"image\/jpeg"}],"author":"Domenic Rodriguez","twitter_card":"summary_large_image","twitter_misc":{"Escrito por":"Domenic Rodriguez","Tiempo de lectura":"2 minutos"},"schema":{"@context":"https:\/\/schema.org","@graph":[{"@type":"Article","@id":"https:\/\/unidosparalafamilia.org\/indian-avenue-school-hosts-community-garden\/#article","isPartOf":{"@id":"https:\/\/unidosparalafamilia.org\/indian-avenue-school-hosts-community-garden\/"},"author":{"name":"Domenic Rodriguez","@id":"https:\/\/unidosparalafamilia.org\/#\/schema\/person\/65b35b2379318a0b7a85950000dd399d"},"headline":"Indian Avenue School hosts community garden","datePublished":"2019-03-14T19:33:26+00:00","dateModified":"2019-03-14T19:33:27+00:00","mainEntityOfPage":{"@id":"https:\/\/unidosparalafamilia.org\/indian-avenue-school-hosts-community-garden\/"},"wordCount":390,"image":{"@id":"https:\/\/unidosparalafamilia.org\/indian-avenue-school-hosts-community-garden\/#primaryimage"},"thumbnailUrl":"https:\/\/unidosparalafamilia.org\/wp-content\/uploads\/2019\/03\/17873166-large.jpg","articleSection":["News"],"inLanguage":"es"},{"@type":"WebPage","@id":"https:\/\/unidosparalafamilia.org\/indian-avenue-school-hosts-community-garden\/","url":"https:\/\/unidosparalafamilia.org\/indian-avenue-school-hosts-community-garden\/","name":"La escuela Indian Avenue acoge un huerto comunitario - Unidos Para La Familia","isPartOf":{"@id":"https:\/\/unidosparalafamilia.org\/#website"},"primaryImageOfPage":{"@id":"https:\/\/unidosparalafamilia.org\/indian-avenue-school-hosts-community-garden\/#primaryimage"},"image":{"@id":"https:\/\/unidosparalafamilia.org\/indian-avenue-school-hosts-community-garden\/#primaryimage"},"thumbnailUrl":"https:\/\/unidosparalafamilia.org\/wp-content\/uploads\/2019\/03\/17873166-large.jpg","datePublished":"2019-03-14T19:33:26+00:00","dateModified":"2019-03-14T19:33:27+00:00","author":{"@id":"https:\/\/unidosparalafamilia.org\/#\/schema\/person\/65b35b2379318a0b7a85950000dd399d"},"breadcrumb":{"@id":"https:\/\/unidosparalafamilia.org\/indian-avenue-school-hosts-community-garden\/#breadcrumb"},"inLanguage":"es","potentialAction":[{"@type":"ReadAction","target":["https:\/\/unidosparalafamilia.org\/indian-avenue-school-hosts-community-garden\/"]}]},{"@type":"ImageObject","inLanguage":"es","@id":"https:\/\/unidosparalafamilia.org\/indian-avenue-school-hosts-community-garden\/#primaryimage","url":"https:\/\/unidosparalafamilia.org\/wp-content\/uploads\/2019\/03\/17873166-large.jpg","contentUrl":"https:\/\/unidosparalafamilia.org\/wp-content\/uploads\/2019\/03\/17873166-large.jpg","width":380,"height":204},{"@type":"BreadcrumbList","@id":"https:\/\/unidosparalafamilia.org\/indian-avenue-school-hosts-community-garden\/#breadcrumb","itemListElement":[{"@type":"ListItem","position":1,"name":"Home","item":"https:\/\/unidosparalafamilia.org\/"},{"@type":"ListItem","position":2,"name":"Indian Avenue School hosts community garden"}]},{"@type":"WebSite","@id":"https:\/\/unidosparalafamilia.org\/#website","url":"https:\/\/unidosparalafamilia.org\/","name":"Unidos para la Familia","description":"Unidos por la familia","potentialAction":[{"@type":"SearchAction","target":{"@type":"EntryPoint","urlTemplate":"https:\/\/unidosparalafamilia.org\/?s={search_term_string}"},"query-input":{"@type":"PropertyValueSpecification","valueRequired":true,"valueName":"search_term_string"}}],"inLanguage":"es"},{"@type":"Person","@id":"https:\/\/unidosparalafamilia.org\/#\/schema\/person\/65b35b2379318a0b7a85950000dd399d","name":"Domenic Rodr\u00edguez","image":{"@type":"ImageObject","inLanguage":"es","@id":"https:\/\/secure.gravatar.com\/avatar\/b24fa9dfc5f46e1135582eaa03042b03563b779c3bc193dd9c4327e54d978cef?s=96&d=mm&r=g","url":"https:\/\/secure.gravatar.com\/avatar\/b24fa9dfc5f46e1135582eaa03042b03563b779c3bc193dd9c4327e54d978cef?s=96&d=mm&r=g","contentUrl":"https:\/\/secure.gravatar.com\/avatar\/b24fa9dfc5f46e1135582eaa03042b03563b779c3bc193dd9c4327e54d978cef?s=96&d=mm&r=g","caption":"Domenic Rodriguez"},"url":"https:\/\/unidosparalafamilia.org\/es\/author\/domenicr\/"}]}},"_links":{"self":[{"href":"https:\/\/unidosparalafamilia.org\/es\/wp-json\/wp\/v2\/posts\/124","targetHints":{"allow":["GET"]}}],"collection":[{"href":"https:\/\/unidosparalafamilia.org\/es\/wp-json\/wp\/v2\/posts"}],"about":[{"href":"https:\/\/unidosparalafamilia.org\/es\/wp-json\/wp\/v2\/types\/post"}],"author":[{"embeddable":true,"href":"https:\/\/unidosparalafamilia.org\/es\/wp-json\/wp\/v2\/users\/4"}],"replies":[{"embeddable":true,"href":"https:\/\/unidosparalafamilia.org\/es\/wp-json\/wp\/v2\/comments?post=124"}],"version-history":[{"count":1,"href":"https:\/\/unidosparalafamilia.org\/es\/wp-json\/wp\/v2\/posts\/124\/revisions"}],"predecessor-version":[{"id":126,"href":"https:\/\/unidosparalafamilia.org\/es\/wp-json\/wp\/v2\/posts\/124\/revisions\/126"}],"wp:featuredmedia":[{"embeddable":true,"href":"https:\/\/unidosparalafamilia.org\/es\/wp-json\/wp\/v2\/media\/125"}],"wp:attachment":[{"href":"https:\/\/unidosparalafamilia.org\/es\/wp-json\/wp\/v2\/media?parent=124"}],"wp:term":[{"taxonomy":"category","embeddable":true,"href":"https:\/\/unidosparalafamilia.org\/es\/wp-json\/wp\/v2\/categories?post=124"},{"taxonomy":"post_tag","embeddable":true,"href":"https:\/\/unidosparalafamilia.org\/es\/wp-json\/wp\/v2\/tags?post=124"}],"curies":[{"name":"wp","href":"https:\/\/api.w.org\/{rel}","templated":true}]}}